{"id":2252,"date":"2023-07-24T09:35:53","date_gmt":"2023-07-24T09:35:53","guid":{"rendered":"https:\/\/rememchild.remigraid.org\/nuestros-humildes-renglones-cartas-del-exilio-republicano-espanol-en-francia-1939-1940\/"},"modified":"2023-07-24T09:44:49","modified_gmt":"2023-07-24T09:44:49","slug":"nuestros-humildes-renglones-cartas-del-exilio-republicano-espanol-en-francia-1939-1940","status":"publish","type":"post","link":"https:\/\/rememchild.remigraid.org\/en\/nuestros-humildes-renglones-cartas-del-exilio-republicano-espanol-en-francia-1939-1940\/","title":{"rendered":"Nuestros humildes renglones. Cartas del exilio republicano espa\u00f1ol en Francia (1939-1940)"},"content":{"rendered":"\t\t<div data-elementor-type=\"wp-post\" data-elementor-id=\"2252\" class=\"elementor elementor-2252 elementor-2243\" data-elementor-post-type=\"post\">\n\t\t\t\t\t\t<section class=\"elementor-section elementor-top-section elementor-element elementor-element-649675d elementor-section-content-middle elementor-section-stretched elementor-section-boxed elementor-section-height-default elementor-section-height-default\" data-id=\"649675d\" data-element_type=\"section\" data-e-type=\"section\" data-settings=\"{&quot;stretch_section&quot;:&quot;section-stretched&quot;,&quot;background_background&quot;:&quot;classic&quot;}\">\n\t\t\t\t\t\t<div class=\"elementor-container elementor-column-gap-default\">\n\t\t\t\t\t<div class=\"elementor-column elementor-col-50 elementor-top-column elementor-element elementor-element-78e7f4c\" data-id=\"78e7f4c\" data-element_type=\"column\" data-e-type=\"column\" data-settings=\"{&quot;background_background&quot;:&quot;classic&quot;}\">\n\t\t\t<div class=\"elementor-widget-wrap elementor-element-populated\">\n\t\t\t\t\t\t<div class=\"elementor-element elementor-element-c4733df elementor-widget elementor-widget-image\" data-id=\"c4733df\" data-element_type=\"widget\" data-e-type=\"widget\" data-widget_type=\"image.default\">\n\t\t\t\t<div class=\"elementor-widget-container\">\n\t\t\t\t\t\t\t\t\t\t\t\t\t\t\t\t<a href=\"https:\/\/rememchild.remigraid.org\/wp-content\/uploads\/2023\/07\/nuestros-humildes-renglones-cartas-del-exilio-republicano-espanol-en-francia.jpg\" data-elementor-open-lightbox=\"yes\" data-elementor-lightbox-title=\"nuestros-humildes-renglones-cartas-del-exilio-republicano-espanol-en-francia\" data-elementor-lightbox-description=\"Nuestros humildes renglones. Cartas del exilio republicano espa\u00f1ol en Francia (1939-1940). Instituci\u00f3n Fernando el Cat\u00f3lico, 2023. \" data-e-action-hash=\"#elementor-action%3Aaction%3Dlightbox%26settings%3DeyJpZCI6MjI0NiwidXJsIjoiaHR0cHM6XC9cL3JlbWVtY2hpbGQucmVtaWdyYWlkLm9yZ1wvd3AtY29udGVudFwvdXBsb2Fkc1wvMjAyM1wvMDdcL251ZXN0cm9zLWh1bWlsZGVzLXJlbmdsb25lcy1jYXJ0YXMtZGVsLWV4aWxpby1yZXB1YmxpY2Fuby1lc3Bhbm9sLWVuLWZyYW5jaWEuanBnIn0%3D\">\n\t\t\t\t\t\t\t<img fetchpriority=\"high\" decoding=\"async\" width=\"501\" height=\"710\" src=\"data:image\/svg+xml;charset=utf-8,%3Csvg xmlns%3D'http%3A%2F%2Fwww.w3.org%2F2000%2Fsvg' viewBox%3D'0 0 501 710'%2F%3E\" data-src=\"https:\/\/rememchild.remigraid.org\/wp-content\/uploads\/2023\/07\/nuestros-humildes-renglones-cartas-del-exilio-republicano-espanol-en-francia.jpg\" class=\"lazy-load attachment-large size-large wp-image-2246\" alt=\"Nuestros humildes renglones. Cartas del exilio republicano espa\u00f1ol en Francia (1939-1940). Instituci\u00f3n Fernando el Cat\u00f3lico, 2023.\" data-srcset=\"https:\/\/rememchild.remigraid.org\/wp-content\/uploads\/2023\/07\/nuestros-humildes-renglones-cartas-del-exilio-republicano-espanol-en-francia.jpg 501w, https:\/\/rememchild.remigraid.org\/wp-content\/uploads\/2023\/07\/nuestros-humildes-renglones-cartas-del-exilio-republicano-espanol-en-francia-212x300.jpg 212w\" sizes=\"(max-width: 501px) 100vw, 501px\" \/>\t\t\t\t\t\t\t\t<\/a>\n\t\t\t\t\t\t\t\t\t\t\t\t\t\t\t<\/div>\n\t\t\t\t<\/div>\n\t\t\t\t<div class=\"elementor-element elementor-element-2760b87 elementor-widget elementor-widget-text-editor\" data-id=\"2760b87\" data-element_type=\"widget\" data-e-type=\"widget\" data-widget_type=\"text-editor.default\">\n\t\t\t\t<div class=\"elementor-widget-container\">\n\t\t\t\t\t\t\t\t\t<p><em>L\u00f3pez Izquierdo, Marta; Yusta Rodrigo, Mercedes; Mart\u00ednez Mart\u00ednez, Alba<\/em><\/p>\n\t\t\t\t\t\t\t\t<\/div>\n\t\t\t\t<\/div>\n\t\t\t\t\t<\/div>\n\t\t<\/div>\n\t\t\t\t<div class=\"elementor-column elementor-col-50 elementor-top-column elementor-element elementor-element-e16e956\" data-id=\"e16e956\" data-element_type=\"column\" data-e-type=\"column\">\n\t\t\t<div class=\"elementor-widget-wrap elementor-element-populated\">\n\t\t\t\t\t\t<div class=\"elementor-element elementor-element-510aedc elementor-widget elementor-widget-heading\" data-id=\"510aedc\" data-element_type=\"widget\" data-e-type=\"widget\" data-widget_type=\"heading.default\">\n\t\t\t\t<div class=\"elementor-widget-container\">\n\t\t\t\t\t<h1 class=\"elementor-heading-title elementor-size-default\">\u00abNuestros humildes renglones\u00bb. Cartas del exilio republicano espa\u00f1ol en Francia (1939-1940). <\/h1>\t\t\t\t<\/div>\n\t\t\t\t<\/div>\n\t\t\t\t<div class=\"elementor-element elementor-element-456fdaf elementor-widget elementor-widget-heading\" data-id=\"456fdaf\" data-element_type=\"widget\" data-e-type=\"widget\" data-widget_type=\"heading.default\">\n\t\t\t\t<div class=\"elementor-widget-container\">\n\t\t\t\t\t<h2 class=\"elementor-heading-title elementor-size-default\">Instituci\u00f3n Fernando el Cat\u00f3lico, 2023. <\/h2>\t\t\t\t<\/div>\n\t\t\t\t<\/div>\n\t\t\t\t<div class=\"elementor-element elementor-element-9aba5df elementor-widget elementor-widget-spacer\" data-id=\"9aba5df\" data-element_type=\"widget\" data-e-type=\"widget\" data-widget_type=\"spacer.default\">\n\t\t\t\t<div class=\"elementor-widget-container\">\n\t\t\t\t\t\t\t<div class=\"elementor-spacer\">\n\t\t\t<div class=\"elementor-spacer-inner\"><\/div>\n\t\t<\/div>\n\t\t\t\t\t\t<\/div>\n\t\t\t\t<\/div>\n\t\t\t\t\t<\/div>\n\t\t<\/div>\n\t\t\t\t\t<\/div>\n\t\t<\/section>\n\t\t\t\t<section class=\"elementor-section elementor-top-section elementor-element elementor-element-41687cf elementor-section-boxed elementor-section-height-default elementor-section-height-default\" data-id=\"41687cf\" data-element_type=\"section\" data-e-type=\"section\">\n\t\t\t\t\t\t<div class=\"elementor-container elementor-column-gap-default\">\n\t\t\t\t\t<div class=\"elementor-column elementor-col-100 elementor-top-column elementor-element elementor-element-de8d0d3\" data-id=\"de8d0d3\" data-element_type=\"column\" data-e-type=\"column\">\n\t\t\t<div class=\"elementor-widget-wrap elementor-element-populated\">\n\t\t\t\t\t\t<div class=\"elementor-element elementor-element-d7fcd22 elementor-widget elementor-widget-text-editor\" data-id=\"d7fcd22\" data-element_type=\"widget\" data-e-type=\"widget\" data-widget_type=\"text-editor.default\">\n\t\t\t\t<div class=\"elementor-widget-container\">\n\t\t\t\t\t\t\t\t\t<p><strong>L\u00f3pez Izquierdo, Marta; Yusta Rodrigo, Mercedes; Mart\u00ednez Mart\u00ednez, Alba<em>: \u00abNuestros humildes renglones\u00bb. Cartas del exilio republicano espa\u00f1ol en Francia (1939-1940)<\/em>.  <br \/>Instituci\u00f3n Fernando el Cat\u00f3lico, 2023. <\/strong><\/p>\n<p>This book contains a selection of letters from the so-called Moscow collection of the French National Archives, written by Spanish refugees from the French internment camps and reception centres where they were interned after crossing the French border in the winter of 1939, shortly before the end of the Spanish Civil War. <\/p>\n<p>These letters, unpublished to date, were written mostly by women of different ages and origins, and are dated between February 1939, coinciding with the Retreat, when nearly 500,000 people left Spanish territory to escape the advance of Franco&#8217;s troops, and the summer of 1940. In them, the signatories address the CAEERF (Commission for Aid to Spanish Refugee Children in France), an organisation that provided aid to the thousands of Spaniards interned in very precarious conditions. <\/p>\n<p>This collection of letters therefore offers first-hand material to help us understand who these thousands of refugees were, representing a broad spectrum of the Spanish social spectrum at the time. This edition also provides an insight into the solidarity networks that were mobilised to welcome them in the neighbouring country and the difficulties encountered by the aid organisations in the face of French institutions overwhelmed by the massive arrival of refugees, firstly, and then by France&#8217;s entry into the Second World War. <\/p>\n<p>In short, this edition and its introductory study seek to provide an insight into the history, still insufficiently known and recognised, of a part of the Spanish people and the difficult conditions in which their exile to France took place, from which many of them would never return. <\/p>\n\t\t\t\t\t\t\t\t<\/div>\n\t\t\t\t<\/div>\n\t\t\t\t<div class=\"elementor-element elementor-element-739166b elementor-widget elementor-widget-spacer\" data-id=\"739166b\" data-element_type=\"widget\" data-e-type=\"widget\" data-widget_type=\"spacer.default\">\n\t\t\t\t<div class=\"elementor-widget-container\">\n\t\t\t\t\t\t\t<div class=\"elementor-spacer\">\n\t\t\t<div class=\"elementor-spacer-inner\"><\/div>\n\t\t<\/div>\n\t\t\t\t\t\t<\/div>\n\t\t\t\t<\/div>\n\t\t\t\t\t<\/div>\n\t\t<\/div>\n\t\t\t\t\t<\/div>\n\t\t<\/section>\n\t\t\t\t<\/div>\n\t\t","protected":false},"excerpt":{"rendered":"<p>This book contains a selection of letters from the so-called Moscow collection of the French National Archives, written by Spanish refugees from the French internment camps &#8230;<\/p>\n","protected":false},"author":3,"featured_media":2248,"comment_status":"closed","ping_status":"closed","sticky":false,"template":"elementor_header_footer","format":"standard","meta":{"footnotes":""},"categories":[40],"tags":[],"class_list":["post-2252","post","type-post","status-publish","format-standard","has-post-thumbnail","hentry","category-news"],"yoast_head":"<!-- This site is optimized with the Yoast SEO plugin v27.1.1 - https:\/\/yoast.com\/product\/yoast-seo-wordpress\/ -->\n<title>\u00abNuestros humildes renglones\u00bb. Cartas del exilio republicano espa\u00f1ol en Francia (1939-1940). Instituci\u00f3n Fernando el Cat\u00f3lico, 2023.<\/title>\n<meta name=\"description\" content=\"This book contains a selection of letters from the so-called Moscow collection of the French National Archives, written by Spanish refugees from the French internment camps ...\" \/>\n<meta name=\"robots\" content=\"index, follow, max-snippet:-1, max-image-preview:large, max-video-preview:-1\" \/>\n<link rel=\"canonical\" href=\"https:\/\/rememchild.remigraid.org\/en\/nuestros-humildes-renglones-cartas-del-exilio-republicano-espanol-en-francia-1939-1940\/\" \/>\n<meta property=\"og:locale\" content=\"en_US\" \/>\n<meta property=\"og:type\" content=\"article\" \/>\n<meta property=\"og:title\" content=\"\u00abNuestros humildes renglones\u00bb. Cartas del exilio republicano espa\u00f1ol en Francia (1939-1940). Instituci\u00f3n Fernando el Cat\u00f3lico, 2023.\" \/>\n<meta property=\"og:description\" content=\"This book contains a selection of letters from the so-called Moscow collection of the French National Archives, written by Spanish refugees from the French internment camps ...\" \/>\n<meta property=\"og:url\" content=\"https:\/\/rememchild.remigraid.org\/en\/nuestros-humildes-renglones-cartas-del-exilio-republicano-espanol-en-francia-1939-1940\/\" \/>\n<meta property=\"og:site_name\" content=\"REMEMCHILD\" \/>\n<meta property=\"article:published_time\" content=\"2023-07-24T09:35:53+00:00\" \/>\n<meta property=\"article:modified_time\" content=\"2023-07-24T09:44:49+00:00\" \/>\n<meta property=\"og:image\" content=\"https:\/\/rememchild.remigraid.org\/wp-content\/uploads\/2023\/07\/nuestros-humildes-renglones-cartas-del-exilio-republicano-espanol-en-francia-2.jpg\" \/>\n\t<meta property=\"og:image:width\" content=\"497\" \/>\n\t<meta property=\"og:image:height\" content=\"333\" \/>\n\t<meta property=\"og:image:type\" content=\"image\/jpeg\" \/>\n<meta name=\"author\" content=\"Rememchild\" \/>\n<meta name=\"twitter:card\" content=\"summary_large_image\" \/>\n<meta name=\"twitter:title\" content=\"\u00abNuestros humildes renglones\u00bb. Cartas del exilio republicano espa\u00f1ol en Francia (1939-1940). Instituci\u00f3n Fernando el Cat\u00f3lico, 2023.\" \/>\n<meta name=\"twitter:description\" content=\"This book contains a selection of letters from the so-called Moscow collection of the French National Archives, written by Spanish refugees from the French internment camps ...\" \/>\n<meta name=\"twitter:image\" content=\"https:\/\/rememchild.remigraid.org\/wp-content\/uploads\/2023\/07\/nuestros-humildes-renglones-cartas-del-exilio-republicano-espanol-en-francia-2.jpg\" \/>\n<meta name=\"twitter:label1\" content=\"Written by\" \/>\n\t<meta name=\"twitter:data1\" content=\"Rememchild\" \/>\n\t<meta name=\"twitter:label2\" content=\"Est. reading time\" \/>\n\t<meta name=\"twitter:data2\" content=\"2 minutes\" \/>\n<script type=\"application\/ld+json\" class=\"yoast-schema-graph\">{\"@context\":\"https:\/\/schema.org\",\"@graph\":[{\"@type\":\"Article\",\"@id\":\"https:\/\/rememchild.remigraid.org\/en\/nuestros-humildes-renglones-cartas-del-exilio-republicano-espanol-en-francia-1939-1940\/#article\",\"isPartOf\":{\"@id\":\"https:\/\/rememchild.remigraid.org\/en\/nuestros-humildes-renglones-cartas-del-exilio-republicano-espanol-en-francia-1939-1940\/\"},\"author\":{\"name\":\"Rememchild\",\"@id\":\"https:\/\/rememchild.remigraid.org\/#\/schema\/person\/e8853b3e32a0ae33d60df8ad13ce60a3\"},\"headline\":\"Nuestros humildes renglones. Cartas del exilio republicano espa\u00f1ol en Francia (1939-1940)\",\"datePublished\":\"2023-07-24T09:35:53+00:00\",\"dateModified\":\"2023-07-24T09:44:49+00:00\",\"mainEntityOfPage\":{\"@id\":\"https:\/\/rememchild.remigraid.org\/en\/nuestros-humildes-renglones-cartas-del-exilio-republicano-espanol-en-francia-1939-1940\/\"},\"wordCount\":325,\"publisher\":{\"@id\":\"https:\/\/rememchild.remigraid.org\/#organization\"},\"image\":{\"@id\":\"https:\/\/rememchild.remigraid.org\/en\/nuestros-humildes-renglones-cartas-del-exilio-republicano-espanol-en-francia-1939-1940\/#primaryimage\"},\"thumbnailUrl\":\"https:\/\/rememchild.remigraid.org\/wp-content\/uploads\/2023\/07\/nuestros-humildes-renglones-cartas-del-exilio-republicano-espanol-en-francia-2.jpg\",\"articleSection\":[\"News\"],\"inLanguage\":\"en-US\"},{\"@type\":\"WebPage\",\"@id\":\"https:\/\/rememchild.remigraid.org\/en\/nuestros-humildes-renglones-cartas-del-exilio-republicano-espanol-en-francia-1939-1940\/\",\"url\":\"https:\/\/rememchild.remigraid.org\/en\/nuestros-humildes-renglones-cartas-del-exilio-republicano-espanol-en-francia-1939-1940\/\",\"name\":\"\u00abNuestros humildes renglones\u00bb. Cartas del exilio republicano espa\u00f1ol en Francia (1939-1940). Instituci\u00f3n Fernando el Cat\u00f3lico, 2023.\",\"isPartOf\":{\"@id\":\"https:\/\/rememchild.remigraid.org\/#website\"},\"primaryImageOfPage\":{\"@id\":\"https:\/\/rememchild.remigraid.org\/en\/nuestros-humildes-renglones-cartas-del-exilio-republicano-espanol-en-francia-1939-1940\/#primaryimage\"},\"image\":{\"@id\":\"https:\/\/rememchild.remigraid.org\/en\/nuestros-humildes-renglones-cartas-del-exilio-republicano-espanol-en-francia-1939-1940\/#primaryimage\"},\"thumbnailUrl\":\"https:\/\/rememchild.remigraid.org\/wp-content\/uploads\/2023\/07\/nuestros-humildes-renglones-cartas-del-exilio-republicano-espanol-en-francia-2.jpg\",\"datePublished\":\"2023-07-24T09:35:53+00:00\",\"dateModified\":\"2023-07-24T09:44:49+00:00\",\"description\":\"This book contains a selection of letters from the so-called Moscow collection of the French National Archives, written by Spanish refugees from the French internment camps ...\",\"breadcrumb\":{\"@id\":\"https:\/\/rememchild.remigraid.org\/en\/nuestros-humildes-renglones-cartas-del-exilio-republicano-espanol-en-francia-1939-1940\/#breadcrumb\"},\"inLanguage\":\"en-US\",\"potentialAction\":[{\"@type\":\"ReadAction\",\"target\":[\"https:\/\/rememchild.remigraid.org\/en\/nuestros-humildes-renglones-cartas-del-exilio-republicano-espanol-en-francia-1939-1940\/\"]}]},{\"@type\":\"ImageObject\",\"inLanguage\":\"en-US\",\"@id\":\"https:\/\/rememchild.remigraid.org\/en\/nuestros-humildes-renglones-cartas-del-exilio-republicano-espanol-en-francia-1939-1940\/#primaryimage\",\"url\":\"https:\/\/rememchild.remigraid.org\/wp-content\/uploads\/2023\/07\/nuestros-humildes-renglones-cartas-del-exilio-republicano-espanol-en-francia-2.jpg\",\"contentUrl\":\"https:\/\/rememchild.remigraid.org\/wp-content\/uploads\/2023\/07\/nuestros-humildes-renglones-cartas-del-exilio-republicano-espanol-en-francia-2.jpg\",\"width\":497,\"height\":333,\"caption\":\"Nuestros humildes renglones. Cartas del exilio republicano espa\u00f1ol en Francia (1939-1940). Instituci\u00f3n Fernando el Cat\u00f3lico, 2023.\"},{\"@type\":\"BreadcrumbList\",\"@id\":\"https:\/\/rememchild.remigraid.org\/en\/nuestros-humildes-renglones-cartas-del-exilio-republicano-espanol-en-francia-1939-1940\/#breadcrumb\",\"itemListElement\":[{\"@type\":\"ListItem\",\"position\":1,\"name\":\"Portada\",\"item\":\"https:\/\/rememchild.remigraid.org\/\"},{\"@type\":\"ListItem\",\"position\":2,\"name\":\"Nuestros humildes renglones. Cartas del exilio republicano espa\u00f1ol en Francia (1939-1940)\"}]},{\"@type\":\"WebSite\",\"@id\":\"https:\/\/rememchild.remigraid.org\/#website\",\"url\":\"https:\/\/rememchild.remigraid.org\/\",\"name\":\"REMEMCHILD\",\"description\":\"Remembering childhood in European Wartimes\",\"publisher\":{\"@id\":\"https:\/\/rememchild.remigraid.org\/#organization\"},\"potentialAction\":[{\"@type\":\"SearchAction\",\"target\":{\"@type\":\"EntryPoint\",\"urlTemplate\":\"https:\/\/rememchild.remigraid.org\/?s={search_term_string}\"},\"query-input\":{\"@type\":\"PropertyValueSpecification\",\"valueRequired\":true,\"valueName\":\"search_term_string\"}}],\"inLanguage\":\"en-US\"},{\"@type\":\"Organization\",\"@id\":\"https:\/\/rememchild.remigraid.org\/#organization\",\"name\":\"REMEMCHILD\",\"url\":\"https:\/\/rememchild.remigraid.org\/\",\"logo\":{\"@type\":\"ImageObject\",\"inLanguage\":\"en-US\",\"@id\":\"https:\/\/rememchild.remigraid.org\/#\/schema\/logo\/image\/\",\"url\":\"https:\/\/rememchild.remigraid.org\/wp-content\/uploads\/2021\/02\/rememchild-ico-logo-black.png\",\"contentUrl\":\"https:\/\/rememchild.remigraid.org\/wp-content\/uploads\/2021\/02\/rememchild-ico-logo-black.png\",\"width\":136,\"height\":140,\"caption\":\"REMEMCHILD\"},\"image\":{\"@id\":\"https:\/\/rememchild.remigraid.org\/#\/schema\/logo\/image\/\"}},{\"@type\":\"Person\",\"@id\":\"https:\/\/rememchild.remigraid.org\/#\/schema\/person\/e8853b3e32a0ae33d60df8ad13ce60a3\",\"name\":\"Rememchild\",\"image\":{\"@type\":\"ImageObject\",\"inLanguage\":\"en-US\",\"@id\":\"https:\/\/rememchild.remigraid.org\/#\/schema\/person\/image\/\",\"url\":\"https:\/\/secure.gravatar.com\/avatar\/b843bb4dabde4018a3982cf16292148f48ce6dfbe2922fc5bf0b3f58d5014def?s=96&d=mm&r=g\",\"contentUrl\":\"https:\/\/secure.gravatar.com\/avatar\/b843bb4dabde4018a3982cf16292148f48ce6dfbe2922fc5bf0b3f58d5014def?s=96&d=mm&r=g\",\"caption\":\"Rememchild\"},\"url\":\"https:\/\/rememchild.remigraid.org\/en\/author\/brmaster\/\"}]}<\/script>\n<!-- \/ Yoast SEO plugin. -->","yoast_head_json":{"title":"\u00abNuestros humildes renglones\u00bb. Cartas del exilio republicano espa\u00f1ol en Francia (1939-1940). Instituci\u00f3n Fernando el Cat\u00f3lico, 2023.","description":"This book contains a selection of letters from the so-called Moscow collection of the French National Archives, written by Spanish refugees from the French internment camps ...","robots":{"index":"index","follow":"follow","max-snippet":"max-snippet:-1","max-image-preview":"max-image-preview:large","max-video-preview":"max-video-preview:-1"},"canonical":"https:\/\/rememchild.remigraid.org\/en\/nuestros-humildes-renglones-cartas-del-exilio-republicano-espanol-en-francia-1939-1940\/","og_locale":"en_US","og_type":"article","og_title":"\u00abNuestros humildes renglones\u00bb. Cartas del exilio republicano espa\u00f1ol en Francia (1939-1940). Instituci\u00f3n Fernando el Cat\u00f3lico, 2023.","og_description":"This book contains a selection of letters from the so-called Moscow collection of the French National Archives, written by Spanish refugees from the French internment camps ...","og_url":"https:\/\/rememchild.remigraid.org\/en\/nuestros-humildes-renglones-cartas-del-exilio-republicano-espanol-en-francia-1939-1940\/","og_site_name":"REMEMCHILD","article_published_time":"2023-07-24T09:35:53+00:00","article_modified_time":"2023-07-24T09:44:49+00:00","og_image":[{"width":497,"height":333,"url":"https:\/\/rememchild.remigraid.org\/wp-content\/uploads\/2023\/07\/nuestros-humildes-renglones-cartas-del-exilio-republicano-espanol-en-francia-2.jpg","type":"image\/jpeg"}],"author":"Rememchild","twitter_card":"summary_large_image","twitter_title":"\u00abNuestros humildes renglones\u00bb. Cartas del exilio republicano espa\u00f1ol en Francia (1939-1940). Instituci\u00f3n Fernando el Cat\u00f3lico, 2023.","twitter_description":"This book contains a selection of letters from the so-called Moscow collection of the French National Archives, written by Spanish refugees from the French internment camps ...","twitter_image":"https:\/\/rememchild.remigraid.org\/wp-content\/uploads\/2023\/07\/nuestros-humildes-renglones-cartas-del-exilio-republicano-espanol-en-francia-2.jpg","twitter_misc":{"Written by":"Rememchild","Est. reading time":"2 minutes"},"schema":{"@context":"https:\/\/schema.org","@graph":[{"@type":"Article","@id":"https:\/\/rememchild.remigraid.org\/en\/nuestros-humildes-renglones-cartas-del-exilio-republicano-espanol-en-francia-1939-1940\/#article","isPartOf":{"@id":"https:\/\/rememchild.remigraid.org\/en\/nuestros-humildes-renglones-cartas-del-exilio-republicano-espanol-en-francia-1939-1940\/"},"author":{"name":"Rememchild","@id":"https:\/\/rememchild.remigraid.org\/#\/schema\/person\/e8853b3e32a0ae33d60df8ad13ce60a3"},"headline":"Nuestros humildes renglones. Cartas del exilio republicano espa\u00f1ol en Francia (1939-1940)","datePublished":"2023-07-24T09:35:53+00:00","dateModified":"2023-07-24T09:44:49+00:00","mainEntityOfPage":{"@id":"https:\/\/rememchild.remigraid.org\/en\/nuestros-humildes-renglones-cartas-del-exilio-republicano-espanol-en-francia-1939-1940\/"},"wordCount":325,"publisher":{"@id":"https:\/\/rememchild.remigraid.org\/#organization"},"image":{"@id":"https:\/\/rememchild.remigraid.org\/en\/nuestros-humildes-renglones-cartas-del-exilio-republicano-espanol-en-francia-1939-1940\/#primaryimage"},"thumbnailUrl":"https:\/\/rememchild.remigraid.org\/wp-content\/uploads\/2023\/07\/nuestros-humildes-renglones-cartas-del-exilio-republicano-espanol-en-francia-2.jpg","articleSection":["News"],"inLanguage":"en-US"},{"@type":"WebPage","@id":"https:\/\/rememchild.remigraid.org\/en\/nuestros-humildes-renglones-cartas-del-exilio-republicano-espanol-en-francia-1939-1940\/","url":"https:\/\/rememchild.remigraid.org\/en\/nuestros-humildes-renglones-cartas-del-exilio-republicano-espanol-en-francia-1939-1940\/","name":"\u00abNuestros humildes renglones\u00bb. Cartas del exilio republicano espa\u00f1ol en Francia (1939-1940). Instituci\u00f3n Fernando el Cat\u00f3lico, 2023.","isPartOf":{"@id":"https:\/\/rememchild.remigraid.org\/#website"},"primaryImageOfPage":{"@id":"https:\/\/rememchild.remigraid.org\/en\/nuestros-humildes-renglones-cartas-del-exilio-republicano-espanol-en-francia-1939-1940\/#primaryimage"},"image":{"@id":"https:\/\/rememchild.remigraid.org\/en\/nuestros-humildes-renglones-cartas-del-exilio-republicano-espanol-en-francia-1939-1940\/#primaryimage"},"thumbnailUrl":"https:\/\/rememchild.remigraid.org\/wp-content\/uploads\/2023\/07\/nuestros-humildes-renglones-cartas-del-exilio-republicano-espanol-en-francia-2.jpg","datePublished":"2023-07-24T09:35:53+00:00","dateModified":"2023-07-24T09:44:49+00:00","description":"This book contains a selection of letters from the so-called Moscow collection of the French National Archives, written by Spanish refugees from the French internment camps ...","breadcrumb":{"@id":"https:\/\/rememchild.remigraid.org\/en\/nuestros-humildes-renglones-cartas-del-exilio-republicano-espanol-en-francia-1939-1940\/#breadcrumb"},"inLanguage":"en-US","potentialAction":[{"@type":"ReadAction","target":["https:\/\/rememchild.remigraid.org\/en\/nuestros-humildes-renglones-cartas-del-exilio-republicano-espanol-en-francia-1939-1940\/"]}]},{"@type":"ImageObject","inLanguage":"en-US","@id":"https:\/\/rememchild.remigraid.org\/en\/nuestros-humildes-renglones-cartas-del-exilio-republicano-espanol-en-francia-1939-1940\/#primaryimage","url":"https:\/\/rememchild.remigraid.org\/wp-content\/uploads\/2023\/07\/nuestros-humildes-renglones-cartas-del-exilio-republicano-espanol-en-francia-2.jpg","contentUrl":"https:\/\/rememchild.remigraid.org\/wp-content\/uploads\/2023\/07\/nuestros-humildes-renglones-cartas-del-exilio-republicano-espanol-en-francia-2.jpg","width":497,"height":333,"caption":"Nuestros humildes renglones. Cartas del exilio republicano espa\u00f1ol en Francia (1939-1940). Instituci\u00f3n Fernando el Cat\u00f3lico, 2023."},{"@type":"BreadcrumbList","@id":"https:\/\/rememchild.remigraid.org\/en\/nuestros-humildes-renglones-cartas-del-exilio-republicano-espanol-en-francia-1939-1940\/#breadcrumb","itemListElement":[{"@type":"ListItem","position":1,"name":"Portada","item":"https:\/\/rememchild.remigraid.org\/"},{"@type":"ListItem","position":2,"name":"Nuestros humildes renglones. Cartas del exilio republicano espa\u00f1ol en Francia (1939-1940)"}]},{"@type":"WebSite","@id":"https:\/\/rememchild.remigraid.org\/#website","url":"https:\/\/rememchild.remigraid.org\/","name":"REMEMCHILD","description":"Remembering childhood in European Wartimes","publisher":{"@id":"https:\/\/rememchild.remigraid.org\/#organization"},"potentialAction":[{"@type":"SearchAction","target":{"@type":"EntryPoint","urlTemplate":"https:\/\/rememchild.remigraid.org\/?s={search_term_string}"},"query-input":{"@type":"PropertyValueSpecification","valueRequired":true,"valueName":"search_term_string"}}],"inLanguage":"en-US"},{"@type":"Organization","@id":"https:\/\/rememchild.remigraid.org\/#organization","name":"REMEMCHILD","url":"https:\/\/rememchild.remigraid.org\/","logo":{"@type":"ImageObject","inLanguage":"en-US","@id":"https:\/\/rememchild.remigraid.org\/#\/schema\/logo\/image\/","url":"https:\/\/rememchild.remigraid.org\/wp-content\/uploads\/2021\/02\/rememchild-ico-logo-black.png","contentUrl":"https:\/\/rememchild.remigraid.org\/wp-content\/uploads\/2021\/02\/rememchild-ico-logo-black.png","width":136,"height":140,"caption":"REMEMCHILD"},"image":{"@id":"https:\/\/rememchild.remigraid.org\/#\/schema\/logo\/image\/"}},{"@type":"Person","@id":"https:\/\/rememchild.remigraid.org\/#\/schema\/person\/e8853b3e32a0ae33d60df8ad13ce60a3","name":"Rememchild","image":{"@type":"ImageObject","inLanguage":"en-US","@id":"https:\/\/rememchild.remigraid.org\/#\/schema\/person\/image\/","url":"https:\/\/secure.gravatar.com\/avatar\/b843bb4dabde4018a3982cf16292148f48ce6dfbe2922fc5bf0b3f58d5014def?s=96&d=mm&r=g","contentUrl":"https:\/\/secure.gravatar.com\/avatar\/b843bb4dabde4018a3982cf16292148f48ce6dfbe2922fc5bf0b3f58d5014def?s=96&d=mm&r=g","caption":"Rememchild"},"url":"https:\/\/rememchild.remigraid.org\/en\/author\/brmaster\/"}]}},"_links":{"self":[{"href":"https:\/\/rememchild.remigraid.org\/en\/wp-json\/wp\/v2\/posts\/2252","targetHints":{"allow":["GET"]}}],"collection":[{"href":"https:\/\/rememchild.remigraid.org\/en\/wp-json\/wp\/v2\/posts"}],"about":[{"href":"https:\/\/rememchild.remigraid.org\/en\/wp-json\/wp\/v2\/types\/post"}],"author":[{"embeddable":true,"href":"https:\/\/rememchild.remigraid.org\/en\/wp-json\/wp\/v2\/users\/3"}],"replies":[{"embeddable":true,"href":"https:\/\/rememchild.remigraid.org\/en\/wp-json\/wp\/v2\/comments?post=2252"}],"version-history":[{"count":4,"href":"https:\/\/rememchild.remigraid.org\/en\/wp-json\/wp\/v2\/posts\/2252\/revisions"}],"predecessor-version":[{"id":2256,"href":"https:\/\/rememchild.remigraid.org\/en\/wp-json\/wp\/v2\/posts\/2252\/revisions\/2256"}],"wp:featuredmedia":[{"embeddable":true,"href":"https:\/\/rememchild.remigraid.org\/en\/wp-json\/wp\/v2\/media\/2248"}],"wp:attachment":[{"href":"https:\/\/rememchild.remigraid.org\/en\/wp-json\/wp\/v2\/media?parent=2252"}],"wp:term":[{"taxonomy":"category","embeddable":true,"href":"https:\/\/rememchild.remigraid.org\/en\/wp-json\/wp\/v2\/categories?post=2252"},{"taxonomy":"post_tag","embeddable":true,"href":"https:\/\/rememchild.remigraid.org\/en\/wp-json\/wp\/v2\/tags?post=2252"}],"curies":[{"name":"wp","href":"https:\/\/api.w.org\/{rel}","templated":true}]}}