{"id":5451,"date":"2024-10-11T09:39:44","date_gmt":"2024-10-11T09:39:44","guid":{"rendered":"https:\/\/rememchild.remigraid.org\/international-congress-childhoods-and-women-in-memories-of-war\/"},"modified":"2024-10-11T10:45:10","modified_gmt":"2024-10-11T10:45:10","slug":"international-congress-childhoods-and-women-in-memories-of-war","status":"publish","type":"post","link":"https:\/\/rememchild.remigraid.org\/en\/international-congress-childhoods-and-women-in-memories-of-war\/","title":{"rendered":"International Congress Rememchild &#8211; Childhoods and Women in Memories of War"},"content":{"rendered":"\t\t<div data-elementor-type=\"wp-post\" data-elementor-id=\"5451\" class=\"elementor elementor-5451 elementor-5437\" data-elementor-post-type=\"post\">\n\t\t\t\t\t\t<section class=\"elementor-section elementor-top-section elementor-element elementor-element-649675d elementor-section-content-middle elementor-section-stretched elementor-section-boxed elementor-section-height-default elementor-section-height-default\" data-id=\"649675d\" data-element_type=\"section\" data-e-type=\"section\" data-settings=\"{&quot;stretch_section&quot;:&quot;section-stretched&quot;,&quot;background_background&quot;:&quot;classic&quot;}\">\n\t\t\t\t\t\t<div class=\"elementor-container elementor-column-gap-default\">\n\t\t\t\t\t<div class=\"elementor-column elementor-col-50 elementor-top-column elementor-element elementor-element-78e7f4c\" data-id=\"78e7f4c\" data-element_type=\"column\" data-e-type=\"column\" data-settings=\"{&quot;background_background&quot;:&quot;classic&quot;}\">\n\t\t\t<div class=\"elementor-widget-wrap elementor-element-populated\">\n\t\t\t\t\t\t<div class=\"elementor-element elementor-element-c4733df elementor-widget elementor-widget-image\" data-id=\"c4733df\" data-element_type=\"widget\" data-e-type=\"widget\" data-widget_type=\"image.default\">\n\t\t\t\t<div class=\"elementor-widget-container\">\n\t\t\t\t\t\t\t\t\t\t\t\t\t\t\t\t<a href=\"https:\/\/rememchild.remigraid.org\/wp-content\/uploads\/2024\/10\/congreso-internacional-rememchild.jpg\" data-elementor-open-lightbox=\"yes\" data-elementor-lightbox-title=\"congreso-internacional-rememchild\" data-elementor-lightbox-description=\"International Congress Childhoods and Women in Memories of war\" data-e-action-hash=\"#elementor-action%3Aaction%3Dlightbox%26settings%3DeyJpZCI6NTQ0MSwidXJsIjoiaHR0cHM6XC9cL3JlbWVtY2hpbGQucmVtaWdyYWlkLm9yZ1wvd3AtY29udGVudFwvdXBsb2Fkc1wvMjAyNFwvMTBcL2NvbmdyZXNvLWludGVybmFjaW9uYWwtcmVtZW1jaGlsZC5qcGcifQ%3D%3D\">\n\t\t\t\t\t\t\t<img fetchpriority=\"high\" decoding=\"async\" width=\"1024\" height=\"675\" src=\"data:image\/svg+xml;charset=utf-8,%3Csvg xmlns%3D'http%3A%2F%2Fwww.w3.org%2F2000%2Fsvg' viewBox%3D'0 0 1024 675'%2F%3E\" data-src=\"https:\/\/rememchild.remigraid.org\/wp-content\/uploads\/2024\/10\/congreso-internacional-rememchild.jpg\" class=\"lazy-load attachment-large size-large wp-image-5441\" alt=\"International Congress\" data-srcset=\"https:\/\/rememchild.remigraid.org\/wp-content\/uploads\/2024\/10\/congreso-internacional-rememchild.jpg 1024w, https:\/\/rememchild.remigraid.org\/wp-content\/uploads\/2024\/10\/congreso-internacional-rememchild-300x198.jpg 300w, https:\/\/rememchild.remigraid.org\/wp-content\/uploads\/2024\/10\/congreso-internacional-rememchild-768x506.jpg 768w\" sizes=\"(max-width: 1024px) 100vw, 1024px\" \/>\t\t\t\t\t\t\t\t<\/a>\n\t\t\t\t\t\t\t\t\t\t\t\t\t\t\t<\/div>\n\t\t\t\t<\/div>\n\t\t\t\t\t<\/div>\n\t\t<\/div>\n\t\t\t\t<div class=\"elementor-column elementor-col-50 elementor-top-column elementor-element elementor-element-e16e956\" data-id=\"e16e956\" data-element_type=\"column\" data-e-type=\"column\">\n\t\t\t<div class=\"elementor-widget-wrap elementor-element-populated\">\n\t\t\t\t\t\t<div class=\"elementor-element elementor-element-510aedc elementor-widget elementor-widget-heading\" data-id=\"510aedc\" data-element_type=\"widget\" data-e-type=\"widget\" data-widget_type=\"heading.default\">\n\t\t\t\t<div class=\"elementor-widget-container\">\n\t\t\t\t\t<h1 class=\"elementor-heading-title elementor-size-default\">International Congress Rememchild - Childhoods and Women in Memories of War<\/h1>\t\t\t\t<\/div>\n\t\t\t\t<\/div>\n\t\t\t\t<div class=\"elementor-element elementor-element-456fdaf elementor-widget elementor-widget-heading\" data-id=\"456fdaf\" data-element_type=\"widget\" data-e-type=\"widget\" data-widget_type=\"heading.default\">\n\t\t\t\t<div class=\"elementor-widget-container\">\n\t\t\t\t\t<h2 class=\"elementor-heading-title elementor-size-default\">October 23 and 24, 2024 - University of Barcelona (Aula Capella)<\/h2>\t\t\t\t<\/div>\n\t\t\t\t<\/div>\n\t\t\t\t<div class=\"elementor-element elementor-element-9aba5df elementor-widget elementor-widget-spacer\" data-id=\"9aba5df\" data-element_type=\"widget\" data-e-type=\"widget\" data-widget_type=\"spacer.default\">\n\t\t\t\t<div class=\"elementor-widget-container\">\n\t\t\t\t\t\t\t<div class=\"elementor-spacer\">\n\t\t\t<div class=\"elementor-spacer-inner\"><\/div>\n\t\t<\/div>\n\t\t\t\t\t\t<\/div>\n\t\t\t\t<\/div>\n\t\t\t\t\t<\/div>\n\t\t<\/div>\n\t\t\t\t\t<\/div>\n\t\t<\/section>\n\t\t\t\t<section class=\"elementor-section elementor-top-section elementor-element elementor-element-41687cf elementor-section-boxed elementor-section-height-default elementor-section-height-default\" data-id=\"41687cf\" data-element_type=\"section\" data-e-type=\"section\">\n\t\t\t\t\t\t<div class=\"elementor-container elementor-column-gap-default\">\n\t\t\t\t\t<div class=\"elementor-column elementor-col-100 elementor-top-column elementor-element elementor-element-de8d0d3\" data-id=\"de8d0d3\" data-element_type=\"column\" data-e-type=\"column\">\n\t\t\t<div class=\"elementor-widget-wrap elementor-element-populated\">\n\t\t\t\t\t\t<div class=\"elementor-element elementor-element-f152d28 elementor-widget elementor-widget-heading\" data-id=\"f152d28\" data-element_type=\"widget\" data-e-type=\"widget\" data-widget_type=\"heading.default\">\n\t\t\t\t<div class=\"elementor-widget-container\">\n\t\t\t\t\t<h3 class=\"elementor-heading-title elementor-size-default\">Childhoods and Women in Memories of War<\/h3>\t\t\t\t<\/div>\n\t\t\t\t<\/div>\n\t\t\t\t<div class=\"elementor-element elementor-element-d7fcd22 elementor-widget elementor-widget-text-editor\" data-id=\"d7fcd22\" data-element_type=\"widget\" data-e-type=\"widget\" data-widget_type=\"text-editor.default\">\n\t\t\t\t<div class=\"elementor-widget-container\">\n\t\t\t\t\t\t\t\t\t<p>The Second World War is probably the most enduring event and conflict in contemporary societies and their memories. The (re)construction of these memories remains, almost 80 years after its end, a challenge or even an unresolved issue. In this sense, the integration and problematization of the roles and experiences of vulnerable, subaltern or secondary subjects has emerged as one of the most urgent aspects.  <\/p>\n<p>In this International Congress, the result of the <u><a href=\"https:\/\/rememchild.remigraid.org\/en\/\">REMEMCHILD<\/a><\/u> project (<em>Remembering Childhood in European Wartimes<\/em>), we will address the various dimensions that connect the history of childhoods with war experiences, as well as the changes throughout contemporary times. Childhoods that were agents, victims or recipients of the war and the policies that followed, and whose history is irremediably interconnected with other variables, such as gender or the system of coloniality. Considering that war memories transcend the chronology of the conflict and are part of the evolutions and resistance experienced throughout the century, the panels and conferences of this Congress will highlight the role of women as agents of social change, the meanings of war experiences for\/of childhood and the impact of colonialism.  <\/p>\n\t\t\t\t\t\t\t\t<\/div>\n\t\t\t\t<\/div>\n\t\t\t\t<div class=\"elementor-element elementor-element-966e325 elementor-widget elementor-widget-spacer\" data-id=\"966e325\" data-element_type=\"widget\" data-e-type=\"widget\" data-widget_type=\"spacer.default\">\n\t\t\t\t<div class=\"elementor-widget-container\">\n\t\t\t\t\t\t\t<div class=\"elementor-spacer\">\n\t\t\t<div class=\"elementor-spacer-inner\"><\/div>\n\t\t<\/div>\n\t\t\t\t\t\t<\/div>\n\t\t\t\t<\/div>\n\t\t\t\t<div class=\"elementor-element elementor-element-3f37d1f elementor-widget elementor-widget-heading\" data-id=\"3f37d1f\" data-element_type=\"widget\" data-e-type=\"widget\" data-widget_type=\"heading.default\">\n\t\t\t\t<div class=\"elementor-widget-container\">\n\t\t\t\t\t<h2 class=\"elementor-heading-title elementor-size-default\">INTERNATIONAL CONGRESS REMEMCHILD PROGRAM<\/h2>\t\t\t\t<\/div>\n\t\t\t\t<\/div>\n\t\t\t\t<div class=\"elementor-element elementor-element-861b1a0 elementor-widget-divider--view-line elementor-widget elementor-widget-divider\" data-id=\"861b1a0\" data-element_type=\"widget\" data-e-type=\"widget\" data-widget_type=\"divider.default\">\n\t\t\t\t<div class=\"elementor-widget-container\">\n\t\t\t\t\t\t\t<div class=\"elementor-divider\">\n\t\t\t<span class=\"elementor-divider-separator\">\n\t\t\t\t\t\t<\/span>\n\t\t<\/div>\n\t\t\t\t\t\t<\/div>\n\t\t\t\t<\/div>\n\t\t\t\t<div class=\"elementor-element elementor-element-b51cbf7 elementor-widget elementor-widget-text-editor\" data-id=\"b51cbf7\" data-element_type=\"widget\" data-e-type=\"widget\" data-widget_type=\"text-editor.default\">\n\t\t\t\t<div class=\"elementor-widget-container\">\n\t\t\t\t\t\t\t\t\t<p>Furthermore, attendees will have the opportunity to visit the exhibition <em>\u201c<\/em><em><a href=\"https:\/\/europeanmemories.net\/exhibitions\/rememchild\/\">Childhoods in a World at War (1939-1945),<\/a><\/em><em>\u201c<\/em>\u00a0which was developed as part of the REMEMCHILD project.<\/p>\t\t\t\t\t\t\t\t<\/div>\n\t\t\t\t<\/div>\n\t\t\t\t<section class=\"elementor-section elementor-inner-section elementor-element elementor-element-0e62935 elementor-section-boxed elementor-section-height-default elementor-section-height-default\" data-id=\"0e62935\" data-element_type=\"section\" data-e-type=\"section\">\n\t\t\t\t\t\t<div class=\"elementor-container elementor-column-gap-default\">\n\t\t\t\t\t<div class=\"elementor-column elementor-col-50 elementor-inner-column elementor-element elementor-element-192afc5\" data-id=\"192afc5\" data-element_type=\"column\" data-e-type=\"column\">\n\t\t\t<div class=\"elementor-widget-wrap elementor-element-populated\">\n\t\t\t\t\t\t<div class=\"elementor-element elementor-element-56dadbe elementor-widget elementor-widget-heading\" data-id=\"56dadbe\" data-element_type=\"widget\" data-e-type=\"widget\" data-widget_type=\"heading.default\">\n\t\t\t\t<div class=\"elementor-widget-container\">\n\t\t\t\t\t<h4 class=\"elementor-heading-title elementor-size-default\">Wednesday, October 23<\/h4>\t\t\t\t<\/div>\n\t\t\t\t<\/div>\n\t\t\t\t<div class=\"elementor-element elementor-element-1d1f97b content-align-left icon-box-vertical-align-top icon-position-left icon-vertical-align-start elementor-widget elementor-widget-the7_icon_box_grid_widget\" data-id=\"1d1f97b\" data-element_type=\"widget\" data-e-type=\"widget\" data-widget_type=\"the7_icon_box_grid_widget.default\">\n\t\t\t\t<div class=\"elementor-widget-container\">\n\t\t\t\t\t<div class=\"the7-box-grid-wrapper the7-elementor-widget loading-effect-none the7_icon_box_grid_widget-1d1f97b\">\t\t\t<div class=\"dt-css-grid\">\n\t\t\t\t\t\t\t\t\t<div class=\"wf-cell shown\">\n\t\t\t\t\t\t<div class=\"the7-icon-box-grid\">\t\t\t\t\t\t\t<div class=\"box-content-wrapper\">\n\t\t\t\t\t\t\t\t\t\t\t\t\t\t\t\t\t<a class=\"elementor-icon-div\" aria-label=\"10:00 a.m. \u2013 10:30 a.m. &lt;b&gt;Opening&lt;\/b&gt;\">\t\t\t\t\t\t\t\t\t\t<div class=\"elementor-icon\">\n\t\t\t\t\t\t\t\t\t\t\t<i aria-hidden=\"true\" class=\"fas fa-flag\"><\/i>\t\t\t\t\t\t\t\t\t\t<\/div>\n\t\t\t\t\t\t\t\t\t<\/a>\t\t\t\t\t\t\t\t\t\t\t\t\t\t\t\t<div class=\"box-content\">\n\t\t\t\t\t\t\t\t\t\t\t\t\t\t\t\t\t\t\t\t\t\t\t\t\t\t\t\t\t<h4 class=\"box-heading\">\n\t\t\t\t\t\t\t\t\t\t\t<a aria-label=\"10:00 a.m. \u2013 10:30 a.m. &lt;b&gt;Opening&lt;\/b&gt;\">\t\t\t\t\t\t\t\t\t\t\t\t10:00 a.m. \u2013 10:30 a.m. <b>Opening<\/b>\t\t\t\t\t\t\t\t\t\t\t<\/a>\t\t\t\t\t\t\t\t\t\t<\/h4>\n\t\t\t\t\t\t\t\t\t\t\t\t\t\t\t\t\t\t\t\t\t\t\t\t\t\t\t\t\t\t\t\t\t\t\t<\/div>\n\t\t\t\t\t\t\t<\/div>\n\t\t\t\t\t\t<\/div>\t\t\t\t\t<\/div>\n\t\t\t\t\t\t\t\t\t<div class=\"wf-cell shown\">\n\t\t\t\t\t\t<div class=\"the7-icon-box-grid\">\t\t\t\t\t\t\t<div class=\"box-content-wrapper\">\n\t\t\t\t\t\t\t\t\t\t\t\t\t\t\t\t\t<a class=\"elementor-icon-div\" aria-label=\"11:00 a.m. \u2013 1:00 p.m. &lt;b&gt;Panel 1: Women and Social Change in the 20th Century &lt;\/b&gt;\">\t\t\t\t\t\t\t\t\t\t<div class=\"elementor-icon\">\n\t\t\t\t\t\t\t\t\t\t\t<i aria-hidden=\"true\" class=\"fas fa-flag\"><\/i>\t\t\t\t\t\t\t\t\t\t<\/div>\n\t\t\t\t\t\t\t\t\t<\/a>\t\t\t\t\t\t\t\t\t\t\t\t\t\t\t\t<div class=\"box-content\">\n\t\t\t\t\t\t\t\t\t\t\t\t\t\t\t\t\t\t\t\t\t\t\t\t\t\t\t\t\t<h4 class=\"box-heading\">\n\t\t\t\t\t\t\t\t\t\t\t<a aria-label=\"11:00 a.m. \u2013 1:00 p.m. &lt;b&gt;Panel 1: Women and Social Change in the 20th Century &lt;\/b&gt;\">\t\t\t\t\t\t\t\t\t\t\t\t11:00 a.m. \u2013 1:00 p.m. <b>Panel 1: Women and Social Change in the 20th Century <\/b>\t\t\t\t\t\t\t\t\t\t\t<\/a>\t\t\t\t\t\t\t\t\t\t<\/h4>\n\t\t\t\t\t\t\t\t\t\t\t\t\t\t\t\t\t\t\t\t\t\t\t\t\t\t\t\t<div class=\"box-description\">Moderator: Roc\u00edo Negrete (University of Zaragoza)<br>Speakers: <ul>\n<li>Mar\u00eda Dolores Ramos Palomo (University of M\u00e1laga)<\/li>\n<li>Fanny Gallot (University of Paris-Est-Cr\u00e9teil)<\/li>\n<li>M\u00f3nica Moreno Seco (University of Alicante)<\/li>\n<\/ul><\/div>\n\t\t\t\t\t\t\t\t\t\t\t\t\t\t\t\t\t\t\t\t\t\t\t\t\t\t<\/div>\n\t\t\t\t\t\t\t<\/div>\n\t\t\t\t\t\t<\/div>\t\t\t\t\t<\/div>\n\t\t\t\t\t\t\t\t\t<div class=\"wf-cell shown\">\n\t\t\t\t\t\t<div class=\"the7-icon-box-grid\">\t\t\t\t\t\t\t<div class=\"box-content-wrapper\">\n\t\t\t\t\t\t\t\t\t\t\t\t\t\t\t\t\t<a class=\"elementor-icon-div\" aria-label=\"4:00 p.m. \u2013 6:00 p.m. &lt;b&gt;Panel 2: War Experiences and Childhood &lt;\/b&gt;\">\t\t\t\t\t\t\t\t\t\t<div class=\"elementor-icon\">\n\t\t\t\t\t\t\t\t\t\t\t<i aria-hidden=\"true\" class=\"fas fa-flag\"><\/i>\t\t\t\t\t\t\t\t\t\t<\/div>\n\t\t\t\t\t\t\t\t\t<\/a>\t\t\t\t\t\t\t\t\t\t\t\t\t\t\t\t<div class=\"box-content\">\n\t\t\t\t\t\t\t\t\t\t\t\t\t\t\t\t\t\t\t\t\t\t\t\t\t\t\t\t\t<h4 class=\"box-heading\">\n\t\t\t\t\t\t\t\t\t\t\t<a aria-label=\"4:00 p.m. \u2013 6:00 p.m. &lt;b&gt;Panel 2: War Experiences and Childhood &lt;\/b&gt;\">\t\t\t\t\t\t\t\t\t\t\t\t4:00 p.m. \u2013 6:00 p.m. <b>Panel 2: War Experiences and Childhood <\/b>\t\t\t\t\t\t\t\t\t\t\t<\/a>\t\t\t\t\t\t\t\t\t\t<\/h4>\n\t\t\t\t\t\t\t\t\t\t\t\t\t\t\t\t\t\t\t\t\t\t\t\t\t\t\t\t<div class=\"box-description\">Moderator: Matilde Eiroa (University Carlos III)<br>Speakers: <ul>\n<li>Laura L\u00f3pez Mart\u00edn (URJC)<\/li>\n<li>Jes\u00fas Alonso (Universit\u00e9 Bordeaux-Montaigne)<\/li>\n<li>S\u00e9bastien Farr\u00e9 (Universit\u00e9 de Gen\u00e8ve)<\/li>\n<\/ul><\/div>\n\t\t\t\t\t\t\t\t\t\t\t\t\t\t\t\t\t\t\t\t\t\t\t\t\t\t<\/div>\n\t\t\t\t\t\t\t<\/div>\n\t\t\t\t\t\t<\/div>\t\t\t\t\t<\/div>\n\t\t\t\t\t\t\t\t\t<div class=\"wf-cell shown\">\n\t\t\t\t\t\t<div class=\"the7-icon-box-grid\">\t\t\t\t\t\t\t<div class=\"box-content-wrapper\">\n\t\t\t\t\t\t\t\t\t\t\t\t\t\t\t\t\t<a class=\"elementor-icon-div\" aria-label=\"6:30 p.m. &lt;b&gt;Conference by Joanna Bourke (University of London)&lt;\/b&gt;\">\t\t\t\t\t\t\t\t\t\t<div class=\"elementor-icon\">\n\t\t\t\t\t\t\t\t\t\t\t<i aria-hidden=\"true\" class=\"fas fa-flag\"><\/i>\t\t\t\t\t\t\t\t\t\t<\/div>\n\t\t\t\t\t\t\t\t\t<\/a>\t\t\t\t\t\t\t\t\t\t\t\t\t\t\t\t<div class=\"box-content\">\n\t\t\t\t\t\t\t\t\t\t\t\t\t\t\t\t\t\t\t\t\t\t\t\t\t\t\t\t\t<h4 class=\"box-heading\">\n\t\t\t\t\t\t\t\t\t\t\t<a aria-label=\"6:30 p.m. &lt;b&gt;Conference by Joanna Bourke (University of London)&lt;\/b&gt;\">\t\t\t\t\t\t\t\t\t\t\t\t6:30 p.m. <b>Conference by Joanna Bourke (University of London)<\/b>\t\t\t\t\t\t\t\t\t\t\t<\/a>\t\t\t\t\t\t\t\t\t\t<\/h4>\n\t\t\t\t\t\t\t\t\t\t\t\t\t\t\t\t\t\t\t\t\t\t\t\t\t\t\t\t<div class=\"box-description\">Presented and moderated by: Miguel Alonso (UNED)<\/div>\n\t\t\t\t\t\t\t\t\t\t\t\t\t\t\t\t\t\t\t\t\t\t\t\t\t\t<\/div>\n\t\t\t\t\t\t\t<\/div>\n\t\t\t\t\t\t<\/div>\t\t\t\t\t<\/div>\n\t\t\t\t\t\t\t<\/div>\n\t\t<\/div>\t\t\t\t<\/div>\n\t\t\t\t<\/div>\n\t\t\t\t\t<\/div>\n\t\t<\/div>\n\t\t\t\t<div class=\"elementor-column elementor-col-50 elementor-inner-column elementor-element elementor-element-175ec87\" data-id=\"175ec87\" data-element_type=\"column\" data-e-type=\"column\">\n\t\t\t<div class=\"elementor-widget-wrap elementor-element-populated\">\n\t\t\t\t\t\t<div class=\"elementor-element elementor-element-670b397 elementor-widget elementor-widget-heading\" data-id=\"670b397\" data-element_type=\"widget\" data-e-type=\"widget\" data-widget_type=\"heading.default\">\n\t\t\t\t<div class=\"elementor-widget-container\">\n\t\t\t\t\t<h4 class=\"elementor-heading-title elementor-size-default\">Thursday, October 24<\/h4>\t\t\t\t<\/div>\n\t\t\t\t<\/div>\n\t\t\t\t<div class=\"elementor-element elementor-element-0db68f8 content-align-left icon-box-vertical-align-top icon-position-left icon-vertical-align-start elementor-widget elementor-widget-the7_icon_box_grid_widget\" data-id=\"0db68f8\" data-element_type=\"widget\" data-e-type=\"widget\" data-widget_type=\"the7_icon_box_grid_widget.default\">\n\t\t\t\t<div class=\"elementor-widget-container\">\n\t\t\t\t\t<div class=\"the7-box-grid-wrapper the7-elementor-widget loading-effect-none the7_icon_box_grid_widget-0db68f8\">\t\t\t<div class=\"dt-css-grid\">\n\t\t\t\t\t\t\t\t\t<div class=\"wf-cell shown\">\n\t\t\t\t\t\t<div class=\"the7-icon-box-grid\">\t\t\t\t\t\t\t<div class=\"box-content-wrapper\">\n\t\t\t\t\t\t\t\t\t\t\t\t\t\t\t\t\t<a class=\"elementor-icon-div\" aria-label=\"10:30 a.m. \u2013 12:00 p.m. &lt;b&gt;Panel 3: Colonialism and Gender &lt;\/b&gt;\">\t\t\t\t\t\t\t\t\t\t<div class=\"elementor-icon\">\n\t\t\t\t\t\t\t\t\t\t\t<i aria-hidden=\"true\" class=\"fas fa-flag\"><\/i>\t\t\t\t\t\t\t\t\t\t<\/div>\n\t\t\t\t\t\t\t\t\t<\/a>\t\t\t\t\t\t\t\t\t\t\t\t\t\t\t\t<div class=\"box-content\">\n\t\t\t\t\t\t\t\t\t\t\t\t\t\t\t\t\t\t\t\t\t\t\t\t\t\t\t\t\t<h4 class=\"box-heading\">\n\t\t\t\t\t\t\t\t\t\t\t<a aria-label=\"10:30 a.m. \u2013 12:00 p.m. &lt;b&gt;Panel 3: Colonialism and Gender &lt;\/b&gt;\">\t\t\t\t\t\t\t\t\t\t\t\t10:30 a.m. \u2013 12:00 p.m. <b>Panel 3: Colonialism and Gender <\/b>\t\t\t\t\t\t\t\t\t\t\t<\/a>\t\t\t\t\t\t\t\t\t\t<\/h4>\n\t\t\t\t\t\t\t\t\t\t\t\t\t\t\t\t\t\t\t\t\t\t\t\t\t\t\t\t<div class=\"box-description\">Moderator: Celeste Mu\u00f1oz (UNED)<br>Speakers <ul>\n<li>Teresa Segura (Universitat Pompeu Fabra)<\/li>\n<li>Mayca de Castro (Researcher)<\/li>\n<li>Carla Bauza (Universitat Pompeu Fabra)<\/li>\n<li>Cielo Zaidenwerg (Universitat de Barcelona)<\/li>\n<\/ul>\n<\/div>\n\t\t\t\t\t\t\t\t\t\t\t\t\t\t\t\t\t\t\t\t\t\t\t\t\t\t<\/div>\n\t\t\t\t\t\t\t<\/div>\n\t\t\t\t\t\t<\/div>\t\t\t\t\t<\/div>\n\t\t\t\t\t\t\t\t\t<div class=\"wf-cell shown\">\n\t\t\t\t\t\t<div class=\"the7-icon-box-grid\">\t\t\t\t\t\t\t<div class=\"box-content-wrapper\">\n\t\t\t\t\t\t\t\t\t\t\t\t\t\t\t\t\t<a class=\"elementor-icon-div\" aria-label=\"12:00 p.m. &lt;b&gt;Coffee Break&lt;\/b&gt;\">\t\t\t\t\t\t\t\t\t\t<div class=\"elementor-icon\">\n\t\t\t\t\t\t\t\t\t\t\t<i aria-hidden=\"true\" class=\"fas fa-flag\"><\/i>\t\t\t\t\t\t\t\t\t\t<\/div>\n\t\t\t\t\t\t\t\t\t<\/a>\t\t\t\t\t\t\t\t\t\t\t\t\t\t\t\t<div class=\"box-content\">\n\t\t\t\t\t\t\t\t\t\t\t\t\t\t\t\t\t\t\t\t\t\t\t\t\t\t\t\t\t<h4 class=\"box-heading\">\n\t\t\t\t\t\t\t\t\t\t\t<a aria-label=\"12:00 p.m. &lt;b&gt;Coffee Break&lt;\/b&gt;\">\t\t\t\t\t\t\t\t\t\t\t\t12:00 p.m. <b>Coffee Break<\/b>\t\t\t\t\t\t\t\t\t\t\t<\/a>\t\t\t\t\t\t\t\t\t\t<\/h4>\n\t\t\t\t\t\t\t\t\t\t\t\t\t\t\t\t\t\t\t\t\t\t\t\t\t\t\t\t\t\t\t\t\t\t\t<\/div>\n\t\t\t\t\t\t\t<\/div>\n\t\t\t\t\t\t<\/div>\t\t\t\t\t<\/div>\n\t\t\t\t\t\t\t\t\t<div class=\"wf-cell shown\">\n\t\t\t\t\t\t<div class=\"the7-icon-box-grid\">\t\t\t\t\t\t\t<div class=\"box-content-wrapper\">\n\t\t\t\t\t\t\t\t\t\t\t\t\t\t\t\t\t<a class=\"elementor-icon-div\" aria-label=\"12:30 p.m. &lt;b&gt;Conference by Xos\u00e9 Manoel N\u00fa\u00f1ez Seixas&lt;\/b&gt; (University of Santiago)\">\t\t\t\t\t\t\t\t\t\t<div class=\"elementor-icon\">\n\t\t\t\t\t\t\t\t\t\t\t<i aria-hidden=\"true\" class=\"fas fa-flag\"><\/i>\t\t\t\t\t\t\t\t\t\t<\/div>\n\t\t\t\t\t\t\t\t\t<\/a>\t\t\t\t\t\t\t\t\t\t\t\t\t\t\t\t<div class=\"box-content\">\n\t\t\t\t\t\t\t\t\t\t\t\t\t\t\t\t\t\t\t\t\t\t\t\t\t\t\t\t\t<h4 class=\"box-heading\">\n\t\t\t\t\t\t\t\t\t\t\t<a aria-label=\"12:30 p.m. &lt;b&gt;Conference by Xos\u00e9 Manoel N\u00fa\u00f1ez Seixas&lt;\/b&gt; (University of Santiago)\">\t\t\t\t\t\t\t\t\t\t\t\t12:30 p.m. <b>Conference by Xos\u00e9 Manoel N\u00fa\u00f1ez Seixas<\/b> (University of Santiago)\t\t\t\t\t\t\t\t\t\t\t<\/a>\t\t\t\t\t\t\t\t\t\t<\/h4>\n\t\t\t\t\t\t\t\t\t\t\t\t\t\t\t\t\t\t\t\t\t\t\t\t\t\t\t\t<div class=\"box-description\">Presented and moderated by: Jordi Guix\u00e9 (EUROM, University of Barcelona)<\/div>\n\t\t\t\t\t\t\t\t\t\t\t\t\t\t\t\t\t\t\t\t\t\t\t\t\t\t<\/div>\n\t\t\t\t\t\t\t<\/div>\n\t\t\t\t\t\t<\/div>\t\t\t\t\t<\/div>\n\t\t\t\t\t\t\t\t\t<div class=\"wf-cell shown\">\n\t\t\t\t\t\t<div class=\"the7-icon-box-grid\">\t\t\t\t\t\t\t<div class=\"box-content-wrapper\">\n\t\t\t\t\t\t\t\t\t\t\t\t\t\t\t\t\t<a class=\"elementor-icon-div\" aria-label=\"1:30 p.m. &lt;b&gt;Closing Remarks&lt;\/b&gt;\">\t\t\t\t\t\t\t\t\t\t<div class=\"elementor-icon\">\n\t\t\t\t\t\t\t\t\t\t\t<i aria-hidden=\"true\" class=\"fas fa-flag\"><\/i>\t\t\t\t\t\t\t\t\t\t<\/div>\n\t\t\t\t\t\t\t\t\t<\/a>\t\t\t\t\t\t\t\t\t\t\t\t\t\t\t\t<div class=\"box-content\">\n\t\t\t\t\t\t\t\t\t\t\t\t\t\t\t\t\t\t\t\t\t\t\t\t\t\t\t\t\t<h4 class=\"box-heading\">\n\t\t\t\t\t\t\t\t\t\t\t<a aria-label=\"1:30 p.m. &lt;b&gt;Closing Remarks&lt;\/b&gt;\">\t\t\t\t\t\t\t\t\t\t\t\t1:30 p.m. <b>Closing Remarks<\/b>\t\t\t\t\t\t\t\t\t\t\t<\/a>\t\t\t\t\t\t\t\t\t\t<\/h4>\n\t\t\t\t\t\t\t\t\t\t\t\t\t\t\t\t\t\t\t\t\t\t\t\t\t\t\t\t<div class=\"box-description\"><ul>\n<li>Roc\u00edo Negrete (University of Zaragoza)<\/li>\n<li>Celeste Mu\u00f1oz (UNED-EUROM)<\/li>\n<li>Iratxe Momoitio (Peace Museum of Gernika)<\/li>\n<\/ul>\n<\/div>\n\t\t\t\t\t\t\t\t\t\t\t\t\t\t\t\t\t\t\t\t\t\t\t\t\t\t<\/div>\n\t\t\t\t\t\t\t<\/div>\n\t\t\t\t\t\t<\/div>\t\t\t\t\t<\/div>\n\t\t\t\t\t\t\t<\/div>\n\t\t<\/div>\t\t\t\t<\/div>\n\t\t\t\t<\/div>\n\t\t\t\t\t<\/div>\n\t\t<\/div>\n\t\t\t\t\t<\/div>\n\t\t<\/section>\n\t\t\t\t<div class=\"elementor-element elementor-element-739166b elementor-widget elementor-widget-spacer\" data-id=\"739166b\" data-element_type=\"widget\" data-e-type=\"widget\" data-widget_type=\"spacer.default\">\n\t\t\t\t<div class=\"elementor-widget-container\">\n\t\t\t\t\t\t\t<div class=\"elementor-spacer\">\n\t\t\t<div class=\"elementor-spacer-inner\"><\/div>\n\t\t<\/div>\n\t\t\t\t\t\t<\/div>\n\t\t\t\t<\/div>\n\t\t\t\t<div class=\"elementor-element elementor-element-315651e elementor-widget elementor-widget-spacer\" data-id=\"315651e\" data-element_type=\"widget\" data-e-type=\"widget\" data-widget_type=\"spacer.default\">\n\t\t\t\t<div class=\"elementor-widget-container\">\n\t\t\t\t\t\t\t<div class=\"elementor-spacer\">\n\t\t\t<div class=\"elementor-spacer-inner\"><\/div>\n\t\t<\/div>\n\t\t\t\t\t\t<\/div>\n\t\t\t\t<\/div>\n\t\t\t\t\t<\/div>\n\t\t<\/div>\n\t\t\t\t\t<\/div>\n\t\t<\/section>\n\t\t\t\t<\/div>\n\t\t","protected":false},"excerpt":{"rendered":"<p>In this International Congress, the result of the REMEMCHILD project (Remembering Childhood in European Wartimes), we will address the various dimensions that connect the history of childhoods with war experiences, as well as the changes throughout contemporary times. <\/p>\n","protected":false},"author":3,"featured_media":5441,"comment_status":"closed","ping_status":"closed","sticky":false,"template":"elementor_header_footer","format":"standard","meta":{"footnotes":""},"categories":[39],"tags":[],"class_list":["post-5451","post","type-post","status-publish","format-standard","has-post-thumbnail","hentry","category-noticias"],"yoast_head":"<!-- This site is optimized with the Yoast SEO plugin v27.1.1 - https:\/\/yoast.com\/product\/yoast-seo-wordpress\/ -->\n<title>International Congress - Childhoods and Women in Memories of War<\/title>\n<meta name=\"description\" content=\"In this International Congress, the result of the REMEMCHILD project (Remembering Childhood in European Wartimes), we will address the various dimensions that connect the history of childhoods with war experiences, as well as the changes throughout contemporary times.\" \/>\n<meta name=\"robots\" content=\"index, follow, max-snippet:-1, max-image-preview:large, max-video-preview:-1\" \/>\n<link rel=\"canonical\" href=\"https:\/\/rememchild.remigraid.org\/congreso-internacional-rememchild\/\" \/>\n<meta property=\"og:locale\" content=\"en_US\" \/>\n<meta property=\"og:type\" content=\"article\" \/>\n<meta property=\"og:title\" content=\"International Congress - Childhoods and Women in Memories of War\" \/>\n<meta property=\"og:description\" content=\"In this International Congress, the result of the REMEMCHILD project (Remembering Childhood in European Wartimes), we will address the various dimensions that connect the history of childhoods with war experiences, as well as the changes throughout contemporary times.\" \/>\n<meta property=\"og:url\" content=\"https:\/\/rememchild.remigraid.org\/congreso-internacional-rememchild\/\" \/>\n<meta property=\"og:site_name\" content=\"REMEMCHILD\" \/>\n<meta property=\"article:published_time\" content=\"2024-10-11T09:39:44+00:00\" \/>\n<meta property=\"article:modified_time\" content=\"2024-10-11T10:45:10+00:00\" \/>\n<meta property=\"og:image\" content=\"https:\/\/rememchild.remigraid.org\/wp-content\/uploads\/2024\/10\/congreso-internacional-rememchild.jpg\" \/>\n\t<meta property=\"og:image:width\" content=\"1024\" \/>\n\t<meta property=\"og:image:height\" content=\"675\" \/>\n\t<meta property=\"og:image:type\" content=\"image\/jpeg\" \/>\n<meta name=\"author\" content=\"Rememchild\" \/>\n<meta name=\"twitter:card\" content=\"summary_large_image\" \/>\n<meta name=\"twitter:title\" content=\"International Congress - Childhoods and Women in Memories of War\" \/>\n<meta name=\"twitter:description\" content=\"In this International Congress, the result of the REMEMCHILD project (Remembering Childhood in European Wartimes), we will address the various dimensions that connect the history of childhoods with war experiences, as well as the changes throughout contemporary times.\" \/>\n<meta name=\"twitter:label1\" content=\"Written by\" \/>\n\t<meta name=\"twitter:data1\" content=\"Rememchild\" \/>\n\t<meta name=\"twitter:label2\" content=\"Est. reading time\" \/>\n\t<meta name=\"twitter:data2\" content=\"3 minutes\" \/>\n<script type=\"application\/ld+json\" class=\"yoast-schema-graph\">{\"@context\":\"https:\/\/schema.org\",\"@graph\":[{\"@type\":\"Article\",\"@id\":\"https:\/\/rememchild.remigraid.org\/congreso-internacional-rememchild\/#article\",\"isPartOf\":{\"@id\":\"https:\/\/rememchild.remigraid.org\/congreso-internacional-rememchild\/\"},\"author\":{\"name\":\"Rememchild\",\"@id\":\"https:\/\/rememchild.remigraid.org\/#\/schema\/person\/e8853b3e32a0ae33d60df8ad13ce60a3\"},\"headline\":\"International Congress Rememchild &#8211; Childhoods and Women in Memories of War\",\"datePublished\":\"2024-10-11T09:39:44+00:00\",\"dateModified\":\"2024-10-11T10:45:10+00:00\",\"mainEntityOfPage\":{\"@id\":\"https:\/\/rememchild.remigraid.org\/congreso-internacional-rememchild\/\"},\"wordCount\":435,\"publisher\":{\"@id\":\"https:\/\/rememchild.remigraid.org\/#organization\"},\"image\":{\"@id\":\"https:\/\/rememchild.remigraid.org\/congreso-internacional-rememchild\/#primaryimage\"},\"thumbnailUrl\":\"https:\/\/rememchild.remigraid.org\/wp-content\/uploads\/2024\/10\/congreso-internacional-rememchild.jpg\",\"articleSection\":[\"noticias\"],\"inLanguage\":\"en-US\"},{\"@type\":\"WebPage\",\"@id\":\"https:\/\/rememchild.remigraid.org\/congreso-internacional-rememchild\/\",\"url\":\"https:\/\/rememchild.remigraid.org\/congreso-internacional-rememchild\/\",\"name\":\"International Congress - Childhoods and Women in Memories of War\",\"isPartOf\":{\"@id\":\"https:\/\/rememchild.remigraid.org\/#website\"},\"primaryImageOfPage\":{\"@id\":\"https:\/\/rememchild.remigraid.org\/congreso-internacional-rememchild\/#primaryimage\"},\"image\":{\"@id\":\"https:\/\/rememchild.remigraid.org\/congreso-internacional-rememchild\/#primaryimage\"},\"thumbnailUrl\":\"https:\/\/rememchild.remigraid.org\/wp-content\/uploads\/2024\/10\/congreso-internacional-rememchild.jpg\",\"datePublished\":\"2024-10-11T09:39:44+00:00\",\"dateModified\":\"2024-10-11T10:45:10+00:00\",\"description\":\"In this International Congress, the result of the REMEMCHILD project (Remembering Childhood in European Wartimes), we will address the various dimensions that connect the history of childhoods with war experiences, as well as the changes throughout contemporary times.\",\"breadcrumb\":{\"@id\":\"https:\/\/rememchild.remigraid.org\/congreso-internacional-rememchild\/#breadcrumb\"},\"inLanguage\":\"en-US\",\"potentialAction\":[{\"@type\":\"ReadAction\",\"target\":[\"https:\/\/rememchild.remigraid.org\/congreso-internacional-rememchild\/\"]}]},{\"@type\":\"ImageObject\",\"inLanguage\":\"en-US\",\"@id\":\"https:\/\/rememchild.remigraid.org\/congreso-internacional-rememchild\/#primaryimage\",\"url\":\"https:\/\/rememchild.remigraid.org\/wp-content\/uploads\/2024\/10\/congreso-internacional-rememchild.jpg\",\"contentUrl\":\"https:\/\/rememchild.remigraid.org\/wp-content\/uploads\/2024\/10\/congreso-internacional-rememchild.jpg\",\"width\":1024,\"height\":675,\"caption\":\"International Congress\"},{\"@type\":\"BreadcrumbList\",\"@id\":\"https:\/\/rememchild.remigraid.org\/congreso-internacional-rememchild\/#breadcrumb\",\"itemListElement\":[{\"@type\":\"ListItem\",\"position\":1,\"name\":\"Portada\",\"item\":\"https:\/\/rememchild.remigraid.org\/\"},{\"@type\":\"ListItem\",\"position\":2,\"name\":\"International Congress Rememchild &#8211; Childhoods and Women in Memories of War\"}]},{\"@type\":\"WebSite\",\"@id\":\"https:\/\/rememchild.remigraid.org\/#website\",\"url\":\"https:\/\/rememchild.remigraid.org\/\",\"name\":\"REMEMCHILD\",\"description\":\"Remembering childhood in European Wartimes\",\"publisher\":{\"@id\":\"https:\/\/rememchild.remigraid.org\/#organization\"},\"potentialAction\":[{\"@type\":\"SearchAction\",\"target\":{\"@type\":\"EntryPoint\",\"urlTemplate\":\"https:\/\/rememchild.remigraid.org\/?s={search_term_string}\"},\"query-input\":{\"@type\":\"PropertyValueSpecification\",\"valueRequired\":true,\"valueName\":\"search_term_string\"}}],\"inLanguage\":\"en-US\"},{\"@type\":\"Organization\",\"@id\":\"https:\/\/rememchild.remigraid.org\/#organization\",\"name\":\"REMEMCHILD\",\"url\":\"https:\/\/rememchild.remigraid.org\/\",\"logo\":{\"@type\":\"ImageObject\",\"inLanguage\":\"en-US\",\"@id\":\"https:\/\/rememchild.remigraid.org\/#\/schema\/logo\/image\/\",\"url\":\"https:\/\/rememchild.remigraid.org\/wp-content\/uploads\/2021\/02\/rememchild-ico-logo-black.png\",\"contentUrl\":\"https:\/\/rememchild.remigraid.org\/wp-content\/uploads\/2021\/02\/rememchild-ico-logo-black.png\",\"width\":136,\"height\":140,\"caption\":\"REMEMCHILD\"},\"image\":{\"@id\":\"https:\/\/rememchild.remigraid.org\/#\/schema\/logo\/image\/\"}},{\"@type\":\"Person\",\"@id\":\"https:\/\/rememchild.remigraid.org\/#\/schema\/person\/e8853b3e32a0ae33d60df8ad13ce60a3\",\"name\":\"Rememchild\",\"image\":{\"@type\":\"ImageObject\",\"inLanguage\":\"en-US\",\"@id\":\"https:\/\/rememchild.remigraid.org\/#\/schema\/person\/image\/\",\"url\":\"https:\/\/secure.gravatar.com\/avatar\/b843bb4dabde4018a3982cf16292148f48ce6dfbe2922fc5bf0b3f58d5014def?s=96&d=mm&r=g\",\"contentUrl\":\"https:\/\/secure.gravatar.com\/avatar\/b843bb4dabde4018a3982cf16292148f48ce6dfbe2922fc5bf0b3f58d5014def?s=96&d=mm&r=g\",\"caption\":\"Rememchild\"},\"url\":\"https:\/\/rememchild.remigraid.org\/en\/author\/brmaster\/\"}]}<\/script>\n<!-- \/ Yoast SEO plugin. -->","yoast_head_json":{"title":"International Congress - Childhoods and Women in Memories of War","description":"In this International Congress, the result of the REMEMCHILD project (Remembering Childhood in European Wartimes), we will address the various dimensions that connect the history of childhoods with war experiences, as well as the changes throughout contemporary times.","robots":{"index":"index","follow":"follow","max-snippet":"max-snippet:-1","max-image-preview":"max-image-preview:large","max-video-preview":"max-video-preview:-1"},"canonical":"https:\/\/rememchild.remigraid.org\/congreso-internacional-rememchild\/","og_locale":"en_US","og_type":"article","og_title":"International Congress - Childhoods and Women in Memories of War","og_description":"In this International Congress, the result of the REMEMCHILD project (Remembering Childhood in European Wartimes), we will address the various dimensions that connect the history of childhoods with war experiences, as well as the changes throughout contemporary times.","og_url":"https:\/\/rememchild.remigraid.org\/congreso-internacional-rememchild\/","og_site_name":"REMEMCHILD","article_published_time":"2024-10-11T09:39:44+00:00","article_modified_time":"2024-10-11T10:45:10+00:00","og_image":[{"width":1024,"height":675,"url":"https:\/\/rememchild.remigraid.org\/wp-content\/uploads\/2024\/10\/congreso-internacional-rememchild.jpg","type":"image\/jpeg"}],"author":"Rememchild","twitter_card":"summary_large_image","twitter_title":"International Congress - Childhoods and Women in Memories of War","twitter_description":"In this International Congress, the result of the REMEMCHILD project (Remembering Childhood in European Wartimes), we will address the various dimensions that connect the history of childhoods with war experiences, as well as the changes throughout contemporary times.","twitter_misc":{"Written by":"Rememchild","Est. reading time":"3 minutes"},"schema":{"@context":"https:\/\/schema.org","@graph":[{"@type":"Article","@id":"https:\/\/rememchild.remigraid.org\/congreso-internacional-rememchild\/#article","isPartOf":{"@id":"https:\/\/rememchild.remigraid.org\/congreso-internacional-rememchild\/"},"author":{"name":"Rememchild","@id":"https:\/\/rememchild.remigraid.org\/#\/schema\/person\/e8853b3e32a0ae33d60df8ad13ce60a3"},"headline":"International Congress Rememchild &#8211; Childhoods and Women in Memories of War","datePublished":"2024-10-11T09:39:44+00:00","dateModified":"2024-10-11T10:45:10+00:00","mainEntityOfPage":{"@id":"https:\/\/rememchild.remigraid.org\/congreso-internacional-rememchild\/"},"wordCount":435,"publisher":{"@id":"https:\/\/rememchild.remigraid.org\/#organization"},"image":{"@id":"https:\/\/rememchild.remigraid.org\/congreso-internacional-rememchild\/#primaryimage"},"thumbnailUrl":"https:\/\/rememchild.remigraid.org\/wp-content\/uploads\/2024\/10\/congreso-internacional-rememchild.jpg","articleSection":["noticias"],"inLanguage":"en-US"},{"@type":"WebPage","@id":"https:\/\/rememchild.remigraid.org\/congreso-internacional-rememchild\/","url":"https:\/\/rememchild.remigraid.org\/congreso-internacional-rememchild\/","name":"International Congress - Childhoods and Women in Memories of War","isPartOf":{"@id":"https:\/\/rememchild.remigraid.org\/#website"},"primaryImageOfPage":{"@id":"https:\/\/rememchild.remigraid.org\/congreso-internacional-rememchild\/#primaryimage"},"image":{"@id":"https:\/\/rememchild.remigraid.org\/congreso-internacional-rememchild\/#primaryimage"},"thumbnailUrl":"https:\/\/rememchild.remigraid.org\/wp-content\/uploads\/2024\/10\/congreso-internacional-rememchild.jpg","datePublished":"2024-10-11T09:39:44+00:00","dateModified":"2024-10-11T10:45:10+00:00","description":"In this International Congress, the result of the REMEMCHILD project (Remembering Childhood in European Wartimes), we will address the various dimensions that connect the history of childhoods with war experiences, as well as the changes throughout contemporary times.","breadcrumb":{"@id":"https:\/\/rememchild.remigraid.org\/congreso-internacional-rememchild\/#breadcrumb"},"inLanguage":"en-US","potentialAction":[{"@type":"ReadAction","target":["https:\/\/rememchild.remigraid.org\/congreso-internacional-rememchild\/"]}]},{"@type":"ImageObject","inLanguage":"en-US","@id":"https:\/\/rememchild.remigraid.org\/congreso-internacional-rememchild\/#primaryimage","url":"https:\/\/rememchild.remigraid.org\/wp-content\/uploads\/2024\/10\/congreso-internacional-rememchild.jpg","contentUrl":"https:\/\/rememchild.remigraid.org\/wp-content\/uploads\/2024\/10\/congreso-internacional-rememchild.jpg","width":1024,"height":675,"caption":"International Congress"},{"@type":"BreadcrumbList","@id":"https:\/\/rememchild.remigraid.org\/congreso-internacional-rememchild\/#breadcrumb","itemListElement":[{"@type":"ListItem","position":1,"name":"Portada","item":"https:\/\/rememchild.remigraid.org\/"},{"@type":"ListItem","position":2,"name":"International Congress Rememchild &#8211; Childhoods and Women in Memories of War"}]},{"@type":"WebSite","@id":"https:\/\/rememchild.remigraid.org\/#website","url":"https:\/\/rememchild.remigraid.org\/","name":"REMEMCHILD","description":"Remembering childhood in European Wartimes","publisher":{"@id":"https:\/\/rememchild.remigraid.org\/#organization"},"potentialAction":[{"@type":"SearchAction","target":{"@type":"EntryPoint","urlTemplate":"https:\/\/rememchild.remigraid.org\/?s={search_term_string}"},"query-input":{"@type":"PropertyValueSpecification","valueRequired":true,"valueName":"search_term_string"}}],"inLanguage":"en-US"},{"@type":"Organization","@id":"https:\/\/rememchild.remigraid.org\/#organization","name":"REMEMCHILD","url":"https:\/\/rememchild.remigraid.org\/","logo":{"@type":"ImageObject","inLanguage":"en-US","@id":"https:\/\/rememchild.remigraid.org\/#\/schema\/logo\/image\/","url":"https:\/\/rememchild.remigraid.org\/wp-content\/uploads\/2021\/02\/rememchild-ico-logo-black.png","contentUrl":"https:\/\/rememchild.remigraid.org\/wp-content\/uploads\/2021\/02\/rememchild-ico-logo-black.png","width":136,"height":140,"caption":"REMEMCHILD"},"image":{"@id":"https:\/\/rememchild.remigraid.org\/#\/schema\/logo\/image\/"}},{"@type":"Person","@id":"https:\/\/rememchild.remigraid.org\/#\/schema\/person\/e8853b3e32a0ae33d60df8ad13ce60a3","name":"Rememchild","image":{"@type":"ImageObject","inLanguage":"en-US","@id":"https:\/\/rememchild.remigraid.org\/#\/schema\/person\/image\/","url":"https:\/\/secure.gravatar.com\/avatar\/b843bb4dabde4018a3982cf16292148f48ce6dfbe2922fc5bf0b3f58d5014def?s=96&d=mm&r=g","contentUrl":"https:\/\/secure.gravatar.com\/avatar\/b843bb4dabde4018a3982cf16292148f48ce6dfbe2922fc5bf0b3f58d5014def?s=96&d=mm&r=g","caption":"Rememchild"},"url":"https:\/\/rememchild.remigraid.org\/en\/author\/brmaster\/"}]}},"_links":{"self":[{"href":"https:\/\/rememchild.remigraid.org\/en\/wp-json\/wp\/v2\/posts\/5451","targetHints":{"allow":["GET"]}}],"collection":[{"href":"https:\/\/rememchild.remigraid.org\/en\/wp-json\/wp\/v2\/posts"}],"about":[{"href":"https:\/\/rememchild.remigraid.org\/en\/wp-json\/wp\/v2\/types\/post"}],"author":[{"embeddable":true,"href":"https:\/\/rememchild.remigraid.org\/en\/wp-json\/wp\/v2\/users\/3"}],"replies":[{"embeddable":true,"href":"https:\/\/rememchild.remigraid.org\/en\/wp-json\/wp\/v2\/comments?post=5451"}],"version-history":[{"count":10,"href":"https:\/\/rememchild.remigraid.org\/en\/wp-json\/wp\/v2\/posts\/5451\/revisions"}],"predecessor-version":[{"id":5464,"href":"https:\/\/rememchild.remigraid.org\/en\/wp-json\/wp\/v2\/posts\/5451\/revisions\/5464"}],"wp:featuredmedia":[{"embeddable":true,"href":"https:\/\/rememchild.remigraid.org\/en\/wp-json\/wp\/v2\/media\/5441"}],"wp:attachment":[{"href":"https:\/\/rememchild.remigraid.org\/en\/wp-json\/wp\/v2\/media?parent=5451"}],"wp:term":[{"taxonomy":"category","embeddable":true,"href":"https:\/\/rememchild.remigraid.org\/en\/wp-json\/wp\/v2\/categories?post=5451"},{"taxonomy":"post_tag","embeddable":true,"href":"https:\/\/rememchild.remigraid.org\/en\/wp-json\/wp\/v2\/tags?post=5451"}],"curies":[{"name":"wp","href":"https:\/\/api.w.org\/{rel}","templated":true}]}}